{"id":5143,"date":"2019-12-12T18:33:31","date_gmt":"2019-12-12T16:33:31","guid":{"rendered":"https:\/\/nutricionistasbarcelona.es\/?p=5143"},"modified":"2019-12-12T18:35:10","modified_gmt":"2019-12-12T16:35:10","slug":"all-a-la-dieta","status":"publish","type":"post","link":"https:\/\/nutricionistasbarcelona.es\/ca\/all-a-la-dieta\/","title":{"rendered":"Beneficis de l`all a la dieta"},"content":{"rendered":"<p>Avui parlarem sobre l&#8217;all, tenim l&#8217;all morat, el blanc i l&#8217;all tendre.<\/p>\n<p>I em direu, i l\u2019all negre?<\/p>\n<p>Doncs de manera molt resumida, aquest \u00e9s l&#8217;all com\u00fa, a qu\u00e8 se li realitza un <strong>proc\u00e9s d&#8217;escalfament i humitat ambiental<\/strong>, on es caramelitzen les prote\u00efnes i els sucres (l&#8217;anomenada reacci\u00f3 de Maillard), obtenint-se aix\u00ed el color fosc i el seu sabor m\u00e9s tipus a regal\u00e8ssia.<\/p>\n<p>Veurem que ens aporta l&#8217;all en la nostra <a href=\"https:\/\/nutricionistasbarcelona.es\/ca\/la-dieta-mediterrania\/\">dieta mediterr\u00e0nia<\/a> i posarem tamb\u00e9 algunes receptes on incloure\u2019l.<br \/>\n<!--Continuar llegint--><\/p>\n<p><!--more Continuar llegint--><\/p>\n<h2><strong>Qu\u00e8 ens aporta?<\/strong><\/h2>\n<p>&#8211; L&#8217;all \u00e9s molt <strong>m\u00e9s ric en potassi que en sodi,<\/strong> per tant ser\u00e0 un <a href=\"https:\/\/nutricionistasbarcelona.es\/ca\/aliments-diuretics\/\">aliment di\u00fcr\u00e8tic<\/a>. Ens ajudar\u00e0 a eliminar l\u00edquids del nostre organisme.<\/p>\n<p>[actt mask=&#8221;L`all es un gran desinfectant contra microorganismes que poden provocar una toxiinfecci\u00f3 aliment\u00e0ria.&#8221; tweet=&#8221;L`all es un gran desinfectant contra microorganismes que poden provocar una toxiinfecci\u00f3 aliment\u00e0ria.&#8221; btn-text=&#8221;Twittejar&#8221; duration=&#8221;&#8221; delay=&#8221;&#8221; font=&#8221;poiret-one&#8221; anim=&#8221;none&#8221; template=&#8221;bbutton&#8221;]<\/p>\n<p>&#8211; Tamb\u00e9 t\u00e9 <strong>magnesi<\/strong>, aquest ens ajudar\u00e0 a tenir una bona contracci\u00f3 muscular, i a prevenir rampes musculars. Recordeu, que quan es t\u00e9 una rampa no nom\u00e9s hem de fixar-nos en consumir aliments rics en potassi, el magnesi tamb\u00e9 \u00e9s molt important.<\/p>\n<p>&#8211; Cont\u00e9 <strong>Vitamina C<\/strong>, aquesta vitamina \u00e9s una potent antioxidant, ajuda a millorar o prevenir els refredats i entre moltes de les seves qualitats, \u00e9s imprescindible per a l&#8217;absorci\u00f3 del ferro que prov\u00e9 dels vegetals.<\/p>\n<p>&#8211; L\u2019 <strong>Al\u00b7licina<\/strong> \u00e9s una subst\u00e0ncia molt beneficiosa de l&#8217;all, \u00e9s la que d\u00f3na la seva olor caracter\u00edstica. Es relaciona amb beneficis cardiovasculars ja que ajuda a dilatar les art\u00e8ries, aix\u00ed es podria prevenir o millorar la hipertensi\u00f3.<\/p>\n<p>&#8211; \u00c9s benefici\u00f3s per a persones que tenen tend\u00e8ncia a formar trombos sanguinis, ja que ajuda a descoagular la sang.<\/p>\n<p>&#8211; Es relaciona amb la prevenci\u00f3 d&#8217;alguns c\u00e0ncers, per\u00f2 no hi ha prou evid\u00e8ncia cient\u00edfica que li doni suport.<\/p>\n<p>&#8211; \u00c9s un gran desinfectant contra microorganismes que poden provocar una toxiinfecci\u00f3 aliment\u00e0ria.<\/p>\n<h2><strong>Algunes receptes on incloure\u2019l<\/strong><\/h2>\n<p>&#8211; Pa amb tom\u00e0quet i all<\/p>\n<p>&#8211; Calamarsons a la planxa amb all i julivert<\/p>\n<p><a href=\"https:\/\/sopadefarigola.com\/2013\/07\/27\/calamarsets-amb-all-i-julivert-chipirones\/\">https:\/\/sopadefarigola.com\/2013\/07\/27\/calamarsets-amb-all-i-julivert-chipirones\/<\/a><\/p>\n<p>&#8211; Llu\u00e7 amb salsa verda<\/p>\n<p><a href=\"https:\/\/catalunyacuina.com\/peix\/lluc-salsa-verda\">https:\/\/catalunyacuina.com\/peix\/lluc-salsa-verda<\/a><\/p>\n<ul>\n<li>Esqueixada de bacall\u00e0<\/li>\n<\/ul>\n<p><a href=\"https:\/\/www.factorgastronomic.com\/ingredient-principal\/receptes-de-peix-i-marisc\/recepta-esqueixada-de-bacalla\/\">https:\/\/www.factorgastronomic.com\/ingredient-principal\/receptes-de-peix-i-marisc\/recepta-esqueixada-de-bacalla\/<\/a><\/p>\n<ul>\n<li>G\u00edrgoles amb all ijulivert<\/li>\n<\/ul>\n<p><a href=\"https:\/\/catalunyacuina.com\/bolets\/girgoles-planxa-all-julivert\">https:\/\/catalunyacuina.com\/bolets\/girgoles-planxa-all-julivert<\/a><\/p>\n<ul>\n<li>truita d\u2019alls tendres<\/li>\n<\/ul>\n<h2><strong>La nostra opini\u00f3<\/strong><\/h2>\n<p>L&#8217;all \u00e9s un aliment entra perfectament en una dieta equilibrada. Un consell que et donarem \u00e9s que despr\u00e9s de menjar all, <strong>masteguis fulles de Menta<\/strong>, ja que disminueix molt\u00edssim l\u2019olor forta de l&#8217;all.<\/p>\n","protected":false},"excerpt":{"rendered":"<p>Avui parlarem sobre l&#8217;all, tenim l&#8217;all morat, el blanc i l&#8217;all tendre. I em direu, i l\u2019all negre? Doncs de manera molt resumida, aquest \u00e9s l&#8217;all com\u00fa, a qu\u00e8 se li realitza un proc\u00e9s d&#8217;escalfament i humitat ambiental, on es caramelitzen les prote\u00efnes i els sucres (l&#8217;anomenada reacci\u00f3 de Maillard), obtenint-se aix\u00ed el color fosc [&hellip;]<\/p>\n","protected":false},"author":2,"featured_media":5138,"comment_status":"open","ping_status":"open","sticky":false,"template":"","format":"standard","meta":{"_monsterinsights_skip_tracking":false,"_monsterinsights_sitenote_active":false,"_monsterinsights_sitenote_note":"","_monsterinsights_sitenote_category":0,"footnotes":""},"categories":[129,130,131],"tags":[163,162,138,140,165,164],"class_list":["post-5143","post","type-post","status-publish","format-standard","has-post-thumbnail","hentry","category-dietas-ca","category-health-ca","category-vida-sana-ca","tag-all","tag-all-en-la-dieta","tag-dieta-vegetariana-ca","tag-dietas-barcelona-ca","tag-dietes-en-all","tag-receptes-en-all"],"yoast_head":"<!-- This site is optimized with the Yoast SEO plugin v26.3 - https:\/\/yoast.com\/wordpress\/plugins\/seo\/ -->\n<title>Beneficis de l`all a la dieta - nutricionistas barcelona<\/title>\n<meta name=\"description\" content=\"Parlem dels beneficis de l&#039;all a la dieta. Amb nosaltres podr\u00e0s con\u00e8ixer tots el que ens pot aportar dins d&#039;una dieta equilibrada\" \/>\n<meta name=\"robots\" content=\"index, follow, max-snippet:-1, max-image-preview:large, max-video-preview:-1\" \/>\n<link rel=\"canonical\" href=\"https:\/\/nutricionistasbarcelona.es\/ca\/all-a-la-dieta\/\" \/>\n<meta property=\"og:locale\" content=\"ca_ES\" \/>\n<meta property=\"og:type\" content=\"article\" \/>\n<meta property=\"og:title\" content=\"Beneficis de l`all a la dieta - nutricionistas barcelona\" \/>\n<meta property=\"og:description\" content=\"Parlem dels beneficis de l&#039;all a la dieta. Amb nosaltres podr\u00e0s con\u00e8ixer tots el que ens pot aportar dins d&#039;una dieta equilibrada\" \/>\n<meta property=\"og:url\" content=\"https:\/\/nutricionistasbarcelona.es\/ca\/all-a-la-dieta\/\" \/>\n<meta property=\"og:site_name\" content=\"nutricionistas barcelona\" \/>\n<meta property=\"article:published_time\" content=\"2019-12-12T16:33:31+00:00\" \/>\n<meta property=\"article:modified_time\" content=\"2019-12-12T16:35:10+00:00\" \/>\n<meta property=\"og:image\" content=\"https:\/\/nutricionistasbarcelona.es\/wp-content\/uploads\/2019\/12\/el-ajo-en-la-dieta.jpg\" \/>\n\t<meta property=\"og:image:width\" content=\"1920\" \/>\n\t<meta property=\"og:image:height\" content=\"1176\" \/>\n\t<meta property=\"og:image:type\" content=\"image\/jpeg\" \/>\n<meta name=\"author\" content=\"Marta Abardia\" \/>\n<meta name=\"twitter:card\" content=\"summary_large_image\" \/>\n<meta name=\"twitter:label1\" content=\"Escrit per\" \/>\n\t<meta name=\"twitter:data1\" content=\"Marta Abardia\" \/>\n\t<meta name=\"twitter:label2\" content=\"Temps estimat de lectura\" \/>\n\t<meta name=\"twitter:data2\" content=\"2 minuts\" \/>\n<script type=\"application\/ld+json\" class=\"yoast-schema-graph\">{\"@context\":\"https:\/\/schema.org\",\"@graph\":[{\"@type\":\"WebPage\",\"@id\":\"https:\/\/nutricionistasbarcelona.es\/ca\/all-a-la-dieta\/\",\"url\":\"https:\/\/nutricionistasbarcelona.es\/ca\/all-a-la-dieta\/\",\"name\":\"Beneficis de l`all a la dieta - nutricionistas barcelona\",\"isPartOf\":{\"@id\":\"https:\/\/nutricionistasbarcelona.es\/ca\/#website\"},\"primaryImageOfPage\":{\"@id\":\"https:\/\/nutricionistasbarcelona.es\/ca\/all-a-la-dieta\/#primaryimage\"},\"image\":{\"@id\":\"https:\/\/nutricionistasbarcelona.es\/ca\/all-a-la-dieta\/#primaryimage\"},\"thumbnailUrl\":\"https:\/\/nutricionistasbarcelona.es\/wp-content\/uploads\/2019\/12\/el-ajo-en-la-dieta.jpg\",\"datePublished\":\"2019-12-12T16:33:31+00:00\",\"dateModified\":\"2019-12-12T16:35:10+00:00\",\"author\":{\"@id\":\"https:\/\/nutricionistasbarcelona.es\/ca\/#\/schema\/person\/1d61f2e949e5b57ee7d51cb735a1cb3b\"},\"description\":\"Parlem dels beneficis de l'all a la dieta. Amb nosaltres podr\u00e0s con\u00e8ixer tots el que ens pot aportar dins d'una dieta equilibrada\",\"breadcrumb\":{\"@id\":\"https:\/\/nutricionistasbarcelona.es\/ca\/all-a-la-dieta\/#breadcrumb\"},\"inLanguage\":\"ca\",\"potentialAction\":[{\"@type\":\"ReadAction\",\"target\":[\"https:\/\/nutricionistasbarcelona.es\/ca\/all-a-la-dieta\/\"]}]},{\"@type\":\"ImageObject\",\"inLanguage\":\"ca\",\"@id\":\"https:\/\/nutricionistasbarcelona.es\/ca\/all-a-la-dieta\/#primaryimage\",\"url\":\"https:\/\/nutricionistasbarcelona.es\/wp-content\/uploads\/2019\/12\/el-ajo-en-la-dieta.jpg\",\"contentUrl\":\"https:\/\/nutricionistasbarcelona.es\/wp-content\/uploads\/2019\/12\/el-ajo-en-la-dieta.jpg\",\"width\":1920,\"height\":1176,\"caption\":\"ajo en la dieta\"},{\"@type\":\"BreadcrumbList\",\"@id\":\"https:\/\/nutricionistasbarcelona.es\/ca\/all-a-la-dieta\/#breadcrumb\",\"itemListElement\":[{\"@type\":\"ListItem\",\"position\":1,\"name\":\"Portada\",\"item\":\"https:\/\/nutricionistasbarcelona.es\/ca\/\"},{\"@type\":\"ListItem\",\"position\":2,\"name\":\"Beneficis de l`all a la dieta\"}]},{\"@type\":\"WebSite\",\"@id\":\"https:\/\/nutricionistasbarcelona.es\/ca\/#website\",\"url\":\"https:\/\/nutricionistasbarcelona.es\/ca\/\",\"name\":\"nutricionistas barcelona\",\"description\":\"servicio de nutricionistas en barcelona comida sana\",\"potentialAction\":[{\"@type\":\"SearchAction\",\"target\":{\"@type\":\"EntryPoint\",\"urlTemplate\":\"https:\/\/nutricionistasbarcelona.es\/ca\/?s={search_term_string}\"},\"query-input\":{\"@type\":\"PropertyValueSpecification\",\"valueRequired\":true,\"valueName\":\"search_term_string\"}}],\"inLanguage\":\"ca\"},{\"@type\":\"Person\",\"@id\":\"https:\/\/nutricionistasbarcelona.es\/ca\/#\/schema\/person\/1d61f2e949e5b57ee7d51cb735a1cb3b\",\"name\":\"Marta Abardia\",\"image\":{\"@type\":\"ImageObject\",\"inLanguage\":\"ca\",\"@id\":\"https:\/\/nutricionistasbarcelona.es\/ca\/#\/schema\/person\/image\/\",\"url\":\"https:\/\/secure.gravatar.com\/avatar\/fa8b359b7088945da85bf27037059e66644564119474f41a40878bad93c8d523?s=96&d=mm&r=g\",\"contentUrl\":\"https:\/\/secure.gravatar.com\/avatar\/fa8b359b7088945da85bf27037059e66644564119474f41a40878bad93c8d523?s=96&d=mm&r=g\",\"caption\":\"Marta Abardia\"},\"description\":\"Soy Nutricionista \u2013 Dietista en Barcelona. Tengo 19 a\u00f1os de experiencia como profesional. Pienso que mi trabajo no es s\u00f3lo calcular una dieta o saber que contienen los alimentos. Mi labor es transmitir y acompa\u00f1ar a mis pacientes para conseguir un cambio de h\u00e1bitos alimentarios.\",\"url\":\"https:\/\/nutricionistasbarcelona.es\/ca\/author\/admin\/\"}]}<\/script>\n<!-- \/ Yoast SEO plugin. -->","yoast_head_json":{"title":"Beneficis de l`all a la dieta - nutricionistas barcelona","description":"Parlem dels beneficis de l'all a la dieta. Amb nosaltres podr\u00e0s con\u00e8ixer tots el que ens pot aportar dins d'una dieta equilibrada","robots":{"index":"index","follow":"follow","max-snippet":"max-snippet:-1","max-image-preview":"max-image-preview:large","max-video-preview":"max-video-preview:-1"},"canonical":"https:\/\/nutricionistasbarcelona.es\/ca\/all-a-la-dieta\/","og_locale":"ca_ES","og_type":"article","og_title":"Beneficis de l`all a la dieta - nutricionistas barcelona","og_description":"Parlem dels beneficis de l'all a la dieta. Amb nosaltres podr\u00e0s con\u00e8ixer tots el que ens pot aportar dins d'una dieta equilibrada","og_url":"https:\/\/nutricionistasbarcelona.es\/ca\/all-a-la-dieta\/","og_site_name":"nutricionistas barcelona","article_published_time":"2019-12-12T16:33:31+00:00","article_modified_time":"2019-12-12T16:35:10+00:00","og_image":[{"width":1920,"height":1176,"url":"https:\/\/nutricionistasbarcelona.es\/wp-content\/uploads\/2019\/12\/el-ajo-en-la-dieta.jpg","type":"image\/jpeg"}],"author":"Marta Abardia","twitter_card":"summary_large_image","twitter_misc":{"Escrit per":"Marta Abardia","Temps estimat de lectura":"2 minuts"},"schema":{"@context":"https:\/\/schema.org","@graph":[{"@type":"WebPage","@id":"https:\/\/nutricionistasbarcelona.es\/ca\/all-a-la-dieta\/","url":"https:\/\/nutricionistasbarcelona.es\/ca\/all-a-la-dieta\/","name":"Beneficis de l`all a la dieta - nutricionistas barcelona","isPartOf":{"@id":"https:\/\/nutricionistasbarcelona.es\/ca\/#website"},"primaryImageOfPage":{"@id":"https:\/\/nutricionistasbarcelona.es\/ca\/all-a-la-dieta\/#primaryimage"},"image":{"@id":"https:\/\/nutricionistasbarcelona.es\/ca\/all-a-la-dieta\/#primaryimage"},"thumbnailUrl":"https:\/\/nutricionistasbarcelona.es\/wp-content\/uploads\/2019\/12\/el-ajo-en-la-dieta.jpg","datePublished":"2019-12-12T16:33:31+00:00","dateModified":"2019-12-12T16:35:10+00:00","author":{"@id":"https:\/\/nutricionistasbarcelona.es\/ca\/#\/schema\/person\/1d61f2e949e5b57ee7d51cb735a1cb3b"},"description":"Parlem dels beneficis de l'all a la dieta. Amb nosaltres podr\u00e0s con\u00e8ixer tots el que ens pot aportar dins d'una dieta equilibrada","breadcrumb":{"@id":"https:\/\/nutricionistasbarcelona.es\/ca\/all-a-la-dieta\/#breadcrumb"},"inLanguage":"ca","potentialAction":[{"@type":"ReadAction","target":["https:\/\/nutricionistasbarcelona.es\/ca\/all-a-la-dieta\/"]}]},{"@type":"ImageObject","inLanguage":"ca","@id":"https:\/\/nutricionistasbarcelona.es\/ca\/all-a-la-dieta\/#primaryimage","url":"https:\/\/nutricionistasbarcelona.es\/wp-content\/uploads\/2019\/12\/el-ajo-en-la-dieta.jpg","contentUrl":"https:\/\/nutricionistasbarcelona.es\/wp-content\/uploads\/2019\/12\/el-ajo-en-la-dieta.jpg","width":1920,"height":1176,"caption":"ajo en la dieta"},{"@type":"BreadcrumbList","@id":"https:\/\/nutricionistasbarcelona.es\/ca\/all-a-la-dieta\/#breadcrumb","itemListElement":[{"@type":"ListItem","position":1,"name":"Portada","item":"https:\/\/nutricionistasbarcelona.es\/ca\/"},{"@type":"ListItem","position":2,"name":"Beneficis de l`all a la dieta"}]},{"@type":"WebSite","@id":"https:\/\/nutricionistasbarcelona.es\/ca\/#website","url":"https:\/\/nutricionistasbarcelona.es\/ca\/","name":"nutricionistas barcelona","description":"servicio de nutricionistas en barcelona comida sana","potentialAction":[{"@type":"SearchAction","target":{"@type":"EntryPoint","urlTemplate":"https:\/\/nutricionistasbarcelona.es\/ca\/?s={search_term_string}"},"query-input":{"@type":"PropertyValueSpecification","valueRequired":true,"valueName":"search_term_string"}}],"inLanguage":"ca"},{"@type":"Person","@id":"https:\/\/nutricionistasbarcelona.es\/ca\/#\/schema\/person\/1d61f2e949e5b57ee7d51cb735a1cb3b","name":"Marta Abardia","image":{"@type":"ImageObject","inLanguage":"ca","@id":"https:\/\/nutricionistasbarcelona.es\/ca\/#\/schema\/person\/image\/","url":"https:\/\/secure.gravatar.com\/avatar\/fa8b359b7088945da85bf27037059e66644564119474f41a40878bad93c8d523?s=96&d=mm&r=g","contentUrl":"https:\/\/secure.gravatar.com\/avatar\/fa8b359b7088945da85bf27037059e66644564119474f41a40878bad93c8d523?s=96&d=mm&r=g","caption":"Marta Abardia"},"description":"Soy Nutricionista \u2013 Dietista en Barcelona. Tengo 19 a\u00f1os de experiencia como profesional. Pienso que mi trabajo no es s\u00f3lo calcular una dieta o saber que contienen los alimentos. Mi labor es transmitir y acompa\u00f1ar a mis pacientes para conseguir un cambio de h\u00e1bitos alimentarios.","url":"https:\/\/nutricionistasbarcelona.es\/ca\/author\/admin\/"}]}},"_links":{"self":[{"href":"https:\/\/nutricionistasbarcelona.es\/ca\/wp-json\/wp\/v2\/posts\/5143","targetHints":{"allow":["GET"]}}],"collection":[{"href":"https:\/\/nutricionistasbarcelona.es\/ca\/wp-json\/wp\/v2\/posts"}],"about":[{"href":"https:\/\/nutricionistasbarcelona.es\/ca\/wp-json\/wp\/v2\/types\/post"}],"author":[{"embeddable":true,"href":"https:\/\/nutricionistasbarcelona.es\/ca\/wp-json\/wp\/v2\/users\/2"}],"replies":[{"embeddable":true,"href":"https:\/\/nutricionistasbarcelona.es\/ca\/wp-json\/wp\/v2\/comments?post=5143"}],"version-history":[{"count":0,"href":"https:\/\/nutricionistasbarcelona.es\/ca\/wp-json\/wp\/v2\/posts\/5143\/revisions"}],"wp:featuredmedia":[{"embeddable":true,"href":"https:\/\/nutricionistasbarcelona.es\/ca\/wp-json\/wp\/v2\/media\/5138"}],"wp:attachment":[{"href":"https:\/\/nutricionistasbarcelona.es\/ca\/wp-json\/wp\/v2\/media?parent=5143"}],"wp:term":[{"taxonomy":"category","embeddable":true,"href":"https:\/\/nutricionistasbarcelona.es\/ca\/wp-json\/wp\/v2\/categories?post=5143"},{"taxonomy":"post_tag","embeddable":true,"href":"https:\/\/nutricionistasbarcelona.es\/ca\/wp-json\/wp\/v2\/tags?post=5143"}],"curies":[{"name":"wp","href":"https:\/\/api.w.org\/{rel}","templated":true}]}}