{"id":5082,"date":"2019-10-09T18:10:31","date_gmt":"2019-10-09T16:10:31","guid":{"rendered":"https:\/\/nutricionistasbarcelona.es\/?p=5082"},"modified":"2019-10-09T18:04:13","modified_gmt":"2019-10-09T16:04:13","slug":"tabac-i-embaras","status":"publish","type":"post","link":"https:\/\/nutricionistasbarcelona.es\/ca\/tabac-i-embaras\/","title":{"rendered":"El tabac i l&#8217;embar\u00e0s, una conjunci\u00f3 problem\u00e0tica."},"content":{"rendered":"<p>Els efectes del tabac, com veurem en aquest article, <strong>afecten per partida doble en un embar\u00e0s<\/strong>, tant a la mare com al fetus, per\u00f2 deixar de fumar a temps fa que els riscos siguin similars als de les embarassades no fumadores.<\/p>\n<p>Els seus perjudicis comencen <strong>abans del mateix embar\u00e0s<\/strong> en si i poden influir despr\u00e9s del part, durant tota la inf\u00e0ncia i si la parella fuma, tamb\u00e9 \u00e9s important que tamb\u00e9 ho deixi, ja que <a href=\"https:\/\/nutricionistasbarcelona.es\/ca\/fumador-passiu\/\">el tabaquisme passiu<\/a>\u00a0tamb\u00e9 pot afectar al fetus.<\/p>\n<p><!--more Continuar llegint--><\/p>\n<h2><strong>Abans de l&#8217;embar\u00e0s.<\/strong><\/h2>\n<p>Hi ha molts factors que poden influir en <strong>reduir la fertilitat de la dona<\/strong>, des de l&#8217;edat, l&#8217;estr\u00e8s, un pes massa baix o alt, algunes malalties hormonals i ginecol\u00f2giques, &#8230; per\u00f2 el tabaquisme, tant actiu com passiu tamb\u00e9 \u00e9s un d\u2019ells.<\/p>\n<p>El tabac t\u00e9 un<strong> efecte antiestrog\u00e8nic<\/strong>,\u00a0 provoca \u00a0risc d&#8217;infertilitat en dones fumadores en un 60% m\u00e9s elevat que si les comparem en dones no fumadores.<\/p>\n<p>[actt mask=&#8221;Els efectes del tabac, afecten per partida doble en un embar\u00e0s, tant a la mare com al fetus&#8221; tweet=&#8221;Els efectes del tabac, afecten per partida doble en un embar\u00e0s, tant a la mare com al fetus&#8221; btn-text=&#8221;Twittejar&#8221; duration=&#8221;&#8221; delay=&#8221;&#8221; font=&#8221;poiret-one&#8221; anim=&#8221;none&#8221; template=&#8221;bbutton&#8221;]<\/p>\n<p>\u00c9s per aix\u00f2 que si portes un temps volent quedar-te embarassada i tens diversos factors que t&#8217;ho dificultin, sent el tabac un d&#8217;ells, <strong>deixar de fumar pot contribuir a augmentar les possibilitats d&#8217;\u00e8xit<\/strong>. A m\u00e9s, pensa que la majoria de factors no s\u00f3n modificables (com l&#8217;edat o patir alguna malaltia), per\u00f2 deixar de fumar, mantenir un pes adequat, l&#8217;alcohol o un exc\u00e9s d&#8217;estr\u00e8s, s\u00ed que ho s\u00f3n.<\/p>\n<h2><strong>Efectes de fumar durant l&#8217;embar\u00e0s<\/strong><\/h2>\n<p>Les m\u00e9s de 7000 subst\u00e0ncies perjudicials del tabac <strong>travessen la membrana placent\u00e0ria<\/strong> i arriben al fetus afectant al seu desenvolupament. Tamb\u00e9 afecten al creixement, \u00a0ja que aquest rep menys oxigen i nutrients al veure\u2019s redu\u00efda la circulaci\u00f3 de sang per la placenta, i es provocar\u00e0 un <strong>augment dels batecs<\/strong> d&#8217;aquest, alterant el desenvolupament dels seus pulmons.<\/p>\n<p>Aix\u00f2 succeeix tant <a href=\"https:\/\/nutricionistasbarcelona.es\/ca\/fum-de-segona-ma\/\">si es la mare com la seva parella la qui fuma<\/a><\/p>\n<h3><u>Els riscos que pot provocar fumar en el fetus s\u00f3n:<\/u><\/h3>\n<ul>\n<li>Part prematur: N\u00e9ixer abans de la setmana 37 pot provocar problemes de salut en el nad\u00f3 per immaduresa d&#8217;alguns dels seus \u00f2rgans<\/li>\n<li>Malformacions: Hi ha m\u00e9s risc que el nad\u00f3 neixi amb malformacions com llavi lepor\u00ed o alteracions card\u00edaques, per exemple.<\/li>\n<li>Baix pes en n\u00e9ixer.<\/li>\n<\/ul>\n<p>Un cop produ\u00eft el naixement del nad\u00f3, <strong>els riscos per a la salut es mantenen<\/strong> augmentant si est\u00e0 exposat al fum del tabac, ja sigui per la mare o la seva parella.<\/p>\n<ul>\n<li>Augment d&#8217;infeccions respirat\u00f2ries i otitis<\/li>\n<li>M\u00e9s possibilitats de desenvolupar asma durant la inf\u00e0ncia.<\/li>\n<li>Menys possibilitats de poder mantenir una lact\u00e0ncia materna adequada i durant m\u00e9s temps.<\/li>\n<li>Risc de mort sobtada en el lactant.<\/li>\n<\/ul>\n<p>\u00c9s important saber que si es deixa de fumar <strong>abans de la setmana 15 de l&#8217;embar\u00e0s<\/strong> tots aquests efectes es reverteixen, i s&#8217;igualen a la d&#8217;una dona no fumadora, encara que l&#8217;important \u00e9s deixar de fumar independentment de la setmana d&#8217;embar\u00e0s en que et trobis.<\/p>\n<h2><strong>Fumar i ansietat per deixar de fumar durant l&#8217;embar\u00e0s. \u00bfQu\u00e8 \u00e9s millor?<\/strong><\/h2>\n<p>Durant molts anys i fins i tot avui ens podem trobar amb sanitaris que davant l&#8217;ansietat provocada per la s\u00edndrome d&#8217;abstin\u00e8ncia per deixar de fumar, recomanin mantenir el consum d&#8217;uns 5 cigarrets o menys al dia per evitar un possible avortament.<\/p>\n<p>Fumar, encara que sigui un, <strong>augmenta ja de per si el risc d&#8217;avortament<\/strong> o patir algun altre problema durant l&#8217;embar\u00e0s. M\u00faltiples estudis aix\u00ed ho demostren. En canvi, encara no hi ha cap estudi que relacioni els s\u00edmptomes de la s\u00edndrome d&#8217;abstin\u00e8ncia al tabac per deixar de fumar amb un efecte nociu per al fetus.<\/p>\n<h2><strong>El nostre consell sobre fumar durant l&#8217;embar\u00e0s<\/strong><\/h2>\n<p>Per tot aix\u00f2, si la dona o la seva parella fuma, la <strong>nostra recomanaci\u00f3 \u00e9s deixar-ho<\/strong>, tant si s\u2019est\u00e0 buscant l&#8217;embar\u00e0s o si ja s&#8217;est\u00e0 (per millorar la salut del futur nad\u00f3 i reduir els riscos durant el desenvolupament fetal).<\/p>\n<p>[actt mask=&#8221;Es important que a banda de deixar de fumar per la salut del teu futur fill\/a, busquis altres motius personals que siguin importants per tu&#8221; tweet=&#8221;Es important que a banda de deixar de fumar per la salut del teu futur fill\/a, busquis altres motius personals que siguin importants per tu&#8221; btn-text=&#8221;Twittejar&#8221; duration=&#8221;&#8221; delay=&#8221;&#8221; font=&#8221;poiret-one&#8221; anim=&#8221;none&#8221; template=&#8221;bbutton&#8221;]<\/p>\n<p>Per\u00f2 recorda, durant l&#8217;embar\u00e0s <strong>la majoria de medicacions per deixar de fumar estan prohibides<\/strong> per evitar riscos. Per aix\u00f2, el que es recomana \u00e9s deixar de fumar amb ajuda i consells d&#8217;un professional sanitari per saber com <a href=\"https:\/\/nutricionistasbarcelona.es\/ca\/deixar-de-fumar\/\">evitar i afrontar les ganes de fumar<\/a>.<\/p>\n<p>Tamb\u00e9 \u00e9s important que a banda de deixar de fumar per la salut del teu futur fill\/a, <strong>busquis altres motius personals<\/strong> que siguin importants per tu.<\/p>\n<p>Tingues en compte que moltes dones tornen a fumar quan ja han tingut nen o han acabat de donar el pit, degut a que no tenen cap motivaci\u00f3 extra.<\/p>\n<p>En poques paraules, <strong>deixa de fumar pel teu fill\/a per\u00f2 tamb\u00e9 per tu<\/strong>.<\/p>\n","protected":false},"excerpt":{"rendered":"<p>Els efectes del tabac, com veurem en aquest article, afecten per partida doble en un embar\u00e0s, tant a la mare com al fetus, per\u00f2 deixar de fumar a temps fa que els riscos siguin similars als de les embarassades no fumadores. Els seus perjudicis comencen abans del mateix embar\u00e0s en si i poden influir despr\u00e9s [&hellip;]<\/p>\n","protected":false},"author":4,"featured_media":5079,"comment_status":"open","ping_status":"open","sticky":false,"template":"","format":"standard","meta":{"_monsterinsights_skip_tracking":false,"_monsterinsights_sitenote_active":false,"_monsterinsights_sitenote_note":"","_monsterinsights_sitenote_category":0,"footnotes":""},"categories":[44],"tags":[118,119,116,117,64,77],"class_list":["post-5082","post","type-post","status-publish","format-standard","has-post-thumbnail","hentry","category-deixar-de-fumar","tag-fumar","tag-fumar-i-embaras","tag-tabac","tag-tabac-i-embaras","tag-tabaco","tag-tabaquismo"],"yoast_head":"<!-- This site is optimized with the Yoast SEO plugin v26.3 - https:\/\/yoast.com\/wordpress\/plugins\/seo\/ -->\n<title>El tabac i l&#039;embar\u00e0s, una conjunci\u00f3 problem\u00e0tica. - nutricionistas barcelona<\/title>\n<meta name=\"description\" content=\"Tabac i embar\u00e0s, tots hem sentit dels problemes que ocasiona aquesta uni\u00f3 per\u00f2, realment sabem com afecta a les mames i al fetus?\" \/>\n<meta name=\"robots\" content=\"index, follow, max-snippet:-1, max-image-preview:large, max-video-preview:-1\" \/>\n<link rel=\"canonical\" href=\"https:\/\/nutricionistasbarcelona.es\/ca\/tabac-i-embaras\/\" \/>\n<meta property=\"og:locale\" content=\"ca_ES\" \/>\n<meta property=\"og:type\" content=\"article\" \/>\n<meta property=\"og:title\" content=\"El tabac i l&#039;embar\u00e0s, una conjunci\u00f3 problem\u00e0tica. - nutricionistas barcelona\" \/>\n<meta property=\"og:description\" content=\"Tabac i embar\u00e0s, tots hem sentit dels problemes que ocasiona aquesta uni\u00f3 per\u00f2, realment sabem com afecta a les mames i al fetus?\" \/>\n<meta property=\"og:url\" content=\"https:\/\/nutricionistasbarcelona.es\/ca\/tabac-i-embaras\/\" \/>\n<meta property=\"og:site_name\" content=\"nutricionistas barcelona\" \/>\n<meta property=\"article:published_time\" content=\"2019-10-09T16:10:31+00:00\" \/>\n<meta property=\"og:image\" content=\"https:\/\/nutricionistasbarcelona.es\/wp-content\/uploads\/2019\/10\/Tabac-i-embar\u00e0s-1.jpeg\" \/>\n\t<meta property=\"og:image:width\" content=\"1080\" \/>\n\t<meta property=\"og:image:height\" content=\"720\" \/>\n\t<meta property=\"og:image:type\" content=\"image\/jpeg\" \/>\n<meta name=\"author\" content=\"Antonio Vallejo Domingo\" \/>\n<meta name=\"twitter:card\" content=\"summary_large_image\" \/>\n<meta name=\"twitter:label1\" content=\"Escrit per\" \/>\n\t<meta name=\"twitter:data1\" content=\"Antonio Vallejo Domingo\" \/>\n\t<meta name=\"twitter:label2\" content=\"Temps estimat de lectura\" \/>\n\t<meta name=\"twitter:data2\" content=\"4 minuts\" \/>\n<script type=\"application\/ld+json\" class=\"yoast-schema-graph\">{\"@context\":\"https:\/\/schema.org\",\"@graph\":[{\"@type\":\"WebPage\",\"@id\":\"https:\/\/nutricionistasbarcelona.es\/ca\/tabac-i-embaras\/\",\"url\":\"https:\/\/nutricionistasbarcelona.es\/ca\/tabac-i-embaras\/\",\"name\":\"El tabac i l'embar\u00e0s, una conjunci\u00f3 problem\u00e0tica. - nutricionistas barcelona\",\"isPartOf\":{\"@id\":\"https:\/\/nutricionistasbarcelona.es\/ca\/#website\"},\"primaryImageOfPage\":{\"@id\":\"https:\/\/nutricionistasbarcelona.es\/ca\/tabac-i-embaras\/#primaryimage\"},\"image\":{\"@id\":\"https:\/\/nutricionistasbarcelona.es\/ca\/tabac-i-embaras\/#primaryimage\"},\"thumbnailUrl\":\"https:\/\/nutricionistasbarcelona.es\/wp-content\/uploads\/2019\/10\/Tabac-i-embar\u00e0s-1.jpeg\",\"datePublished\":\"2019-10-09T16:10:31+00:00\",\"author\":{\"@id\":\"https:\/\/nutricionistasbarcelona.es\/ca\/#\/schema\/person\/65e3b98eb8e0653b4c2946782b674a2c\"},\"description\":\"Tabac i embar\u00e0s, tots hem sentit dels problemes que ocasiona aquesta uni\u00f3 per\u00f2, realment sabem com afecta a les mames i al fetus?\",\"breadcrumb\":{\"@id\":\"https:\/\/nutricionistasbarcelona.es\/ca\/tabac-i-embaras\/#breadcrumb\"},\"inLanguage\":\"ca\",\"potentialAction\":[{\"@type\":\"ReadAction\",\"target\":[\"https:\/\/nutricionistasbarcelona.es\/ca\/tabac-i-embaras\/\"]}]},{\"@type\":\"ImageObject\",\"inLanguage\":\"ca\",\"@id\":\"https:\/\/nutricionistasbarcelona.es\/ca\/tabac-i-embaras\/#primaryimage\",\"url\":\"https:\/\/nutricionistasbarcelona.es\/wp-content\/uploads\/2019\/10\/Tabac-i-embar\u00e0s-1.jpeg\",\"contentUrl\":\"https:\/\/nutricionistasbarcelona.es\/wp-content\/uploads\/2019\/10\/Tabac-i-embar\u00e0s-1.jpeg\",\"width\":1080,\"height\":720,\"caption\":\"tabaco y embarazo\"},{\"@type\":\"BreadcrumbList\",\"@id\":\"https:\/\/nutricionistasbarcelona.es\/ca\/tabac-i-embaras\/#breadcrumb\",\"itemListElement\":[{\"@type\":\"ListItem\",\"position\":1,\"name\":\"Portada\",\"item\":\"https:\/\/nutricionistasbarcelona.es\/ca\/\"},{\"@type\":\"ListItem\",\"position\":2,\"name\":\"El tabac i l&#8217;embar\u00e0s, una conjunci\u00f3 problem\u00e0tica.\"}]},{\"@type\":\"WebSite\",\"@id\":\"https:\/\/nutricionistasbarcelona.es\/ca\/#website\",\"url\":\"https:\/\/nutricionistasbarcelona.es\/ca\/\",\"name\":\"nutricionistas barcelona\",\"description\":\"servicio de nutricionistas en barcelona comida sana\",\"potentialAction\":[{\"@type\":\"SearchAction\",\"target\":{\"@type\":\"EntryPoint\",\"urlTemplate\":\"https:\/\/nutricionistasbarcelona.es\/ca\/?s={search_term_string}\"},\"query-input\":{\"@type\":\"PropertyValueSpecification\",\"valueRequired\":true,\"valueName\":\"search_term_string\"}}],\"inLanguage\":\"ca\"},{\"@type\":\"Person\",\"@id\":\"https:\/\/nutricionistasbarcelona.es\/ca\/#\/schema\/person\/65e3b98eb8e0653b4c2946782b674a2c\",\"name\":\"Antonio Vallejo Domingo\",\"image\":{\"@type\":\"ImageObject\",\"inLanguage\":\"ca\",\"@id\":\"https:\/\/nutricionistasbarcelona.es\/ca\/#\/schema\/person\/image\/\",\"url\":\"https:\/\/secure.gravatar.com\/avatar\/da8a9ae0f99856383ed23215a7da13db380fbf638a1c42ecc8fb9a7f044f0fdb?s=96&d=mm&r=g\",\"contentUrl\":\"https:\/\/secure.gravatar.com\/avatar\/da8a9ae0f99856383ed23215a7da13db380fbf638a1c42ecc8fb9a7f044f0fdb?s=96&d=mm&r=g\",\"caption\":\"Antonio Vallejo Domingo\"},\"description\":\"Enfermero desde hace 17 a\u00f1os y con 13 a\u00f1os de experiencia en la atenci\u00f3n primaria. Curs\u00e9 un posgrado en Nutrici\u00f3n y Diet\u00e9tica y poco despu\u00e9s realic\u00e9\u00a0un M\u00e1ster en Tabaquismo. Tambi\u00e9n soy vocal de la Junta de SEDET (Sociedad Espa\u00f1ola de Especialistas en Tabaquismo)\",\"url\":\"https:\/\/nutricionistasbarcelona.es\/ca\/author\/antonio-vallejo\/\"}]}<\/script>\n<!-- \/ Yoast SEO plugin. -->","yoast_head_json":{"title":"El tabac i l'embar\u00e0s, una conjunci\u00f3 problem\u00e0tica. - nutricionistas barcelona","description":"Tabac i embar\u00e0s, tots hem sentit dels problemes que ocasiona aquesta uni\u00f3 per\u00f2, realment sabem com afecta a les mames i al fetus?","robots":{"index":"index","follow":"follow","max-snippet":"max-snippet:-1","max-image-preview":"max-image-preview:large","max-video-preview":"max-video-preview:-1"},"canonical":"https:\/\/nutricionistasbarcelona.es\/ca\/tabac-i-embaras\/","og_locale":"ca_ES","og_type":"article","og_title":"El tabac i l'embar\u00e0s, una conjunci\u00f3 problem\u00e0tica. - nutricionistas barcelona","og_description":"Tabac i embar\u00e0s, tots hem sentit dels problemes que ocasiona aquesta uni\u00f3 per\u00f2, realment sabem com afecta a les mames i al fetus?","og_url":"https:\/\/nutricionistasbarcelona.es\/ca\/tabac-i-embaras\/","og_site_name":"nutricionistas barcelona","article_published_time":"2019-10-09T16:10:31+00:00","og_image":[{"width":1080,"height":720,"url":"https:\/\/nutricionistasbarcelona.es\/wp-content\/uploads\/2019\/10\/Tabac-i-embar\u00e0s-1.jpeg","type":"image\/jpeg"}],"author":"Antonio Vallejo Domingo","twitter_card":"summary_large_image","twitter_misc":{"Escrit per":"Antonio Vallejo Domingo","Temps estimat de lectura":"4 minuts"},"schema":{"@context":"https:\/\/schema.org","@graph":[{"@type":"WebPage","@id":"https:\/\/nutricionistasbarcelona.es\/ca\/tabac-i-embaras\/","url":"https:\/\/nutricionistasbarcelona.es\/ca\/tabac-i-embaras\/","name":"El tabac i l'embar\u00e0s, una conjunci\u00f3 problem\u00e0tica. - nutricionistas barcelona","isPartOf":{"@id":"https:\/\/nutricionistasbarcelona.es\/ca\/#website"},"primaryImageOfPage":{"@id":"https:\/\/nutricionistasbarcelona.es\/ca\/tabac-i-embaras\/#primaryimage"},"image":{"@id":"https:\/\/nutricionistasbarcelona.es\/ca\/tabac-i-embaras\/#primaryimage"},"thumbnailUrl":"https:\/\/nutricionistasbarcelona.es\/wp-content\/uploads\/2019\/10\/Tabac-i-embar\u00e0s-1.jpeg","datePublished":"2019-10-09T16:10:31+00:00","author":{"@id":"https:\/\/nutricionistasbarcelona.es\/ca\/#\/schema\/person\/65e3b98eb8e0653b4c2946782b674a2c"},"description":"Tabac i embar\u00e0s, tots hem sentit dels problemes que ocasiona aquesta uni\u00f3 per\u00f2, realment sabem com afecta a les mames i al fetus?","breadcrumb":{"@id":"https:\/\/nutricionistasbarcelona.es\/ca\/tabac-i-embaras\/#breadcrumb"},"inLanguage":"ca","potentialAction":[{"@type":"ReadAction","target":["https:\/\/nutricionistasbarcelona.es\/ca\/tabac-i-embaras\/"]}]},{"@type":"ImageObject","inLanguage":"ca","@id":"https:\/\/nutricionistasbarcelona.es\/ca\/tabac-i-embaras\/#primaryimage","url":"https:\/\/nutricionistasbarcelona.es\/wp-content\/uploads\/2019\/10\/Tabac-i-embar\u00e0s-1.jpeg","contentUrl":"https:\/\/nutricionistasbarcelona.es\/wp-content\/uploads\/2019\/10\/Tabac-i-embar\u00e0s-1.jpeg","width":1080,"height":720,"caption":"tabaco y embarazo"},{"@type":"BreadcrumbList","@id":"https:\/\/nutricionistasbarcelona.es\/ca\/tabac-i-embaras\/#breadcrumb","itemListElement":[{"@type":"ListItem","position":1,"name":"Portada","item":"https:\/\/nutricionistasbarcelona.es\/ca\/"},{"@type":"ListItem","position":2,"name":"El tabac i l&#8217;embar\u00e0s, una conjunci\u00f3 problem\u00e0tica."}]},{"@type":"WebSite","@id":"https:\/\/nutricionistasbarcelona.es\/ca\/#website","url":"https:\/\/nutricionistasbarcelona.es\/ca\/","name":"nutricionistas barcelona","description":"servicio de nutricionistas en barcelona comida sana","potentialAction":[{"@type":"SearchAction","target":{"@type":"EntryPoint","urlTemplate":"https:\/\/nutricionistasbarcelona.es\/ca\/?s={search_term_string}"},"query-input":{"@type":"PropertyValueSpecification","valueRequired":true,"valueName":"search_term_string"}}],"inLanguage":"ca"},{"@type":"Person","@id":"https:\/\/nutricionistasbarcelona.es\/ca\/#\/schema\/person\/65e3b98eb8e0653b4c2946782b674a2c","name":"Antonio Vallejo Domingo","image":{"@type":"ImageObject","inLanguage":"ca","@id":"https:\/\/nutricionistasbarcelona.es\/ca\/#\/schema\/person\/image\/","url":"https:\/\/secure.gravatar.com\/avatar\/da8a9ae0f99856383ed23215a7da13db380fbf638a1c42ecc8fb9a7f044f0fdb?s=96&d=mm&r=g","contentUrl":"https:\/\/secure.gravatar.com\/avatar\/da8a9ae0f99856383ed23215a7da13db380fbf638a1c42ecc8fb9a7f044f0fdb?s=96&d=mm&r=g","caption":"Antonio Vallejo Domingo"},"description":"Enfermero desde hace 17 a\u00f1os y con 13 a\u00f1os de experiencia en la atenci\u00f3n primaria. Curs\u00e9 un posgrado en Nutrici\u00f3n y Diet\u00e9tica y poco despu\u00e9s realic\u00e9\u00a0un M\u00e1ster en Tabaquismo. Tambi\u00e9n soy vocal de la Junta de SEDET (Sociedad Espa\u00f1ola de Especialistas en Tabaquismo)","url":"https:\/\/nutricionistasbarcelona.es\/ca\/author\/antonio-vallejo\/"}]}},"_links":{"self":[{"href":"https:\/\/nutricionistasbarcelona.es\/ca\/wp-json\/wp\/v2\/posts\/5082","targetHints":{"allow":["GET"]}}],"collection":[{"href":"https:\/\/nutricionistasbarcelona.es\/ca\/wp-json\/wp\/v2\/posts"}],"about":[{"href":"https:\/\/nutricionistasbarcelona.es\/ca\/wp-json\/wp\/v2\/types\/post"}],"author":[{"embeddable":true,"href":"https:\/\/nutricionistasbarcelona.es\/ca\/wp-json\/wp\/v2\/users\/4"}],"replies":[{"embeddable":true,"href":"https:\/\/nutricionistasbarcelona.es\/ca\/wp-json\/wp\/v2\/comments?post=5082"}],"version-history":[{"count":0,"href":"https:\/\/nutricionistasbarcelona.es\/ca\/wp-json\/wp\/v2\/posts\/5082\/revisions"}],"wp:featuredmedia":[{"embeddable":true,"href":"https:\/\/nutricionistasbarcelona.es\/ca\/wp-json\/wp\/v2\/media\/5079"}],"wp:attachment":[{"href":"https:\/\/nutricionistasbarcelona.es\/ca\/wp-json\/wp\/v2\/media?parent=5082"}],"wp:term":[{"taxonomy":"category","embeddable":true,"href":"https:\/\/nutricionistasbarcelona.es\/ca\/wp-json\/wp\/v2\/categories?post=5082"},{"taxonomy":"post_tag","embeddable":true,"href":"https:\/\/nutricionistasbarcelona.es\/ca\/wp-json\/wp\/v2\/tags?post=5082"}],"curies":[{"name":"wp","href":"https:\/\/api.w.org\/{rel}","templated":true}]}}