{"id":4594,"date":"2018-11-15T08:45:57","date_gmt":"2018-11-15T06:45:57","guid":{"rendered":"https:\/\/nutricionistasbarcelona.es\/?p=4594"},"modified":"2019-02-20T17:03:48","modified_gmt":"2019-02-20T16:03:48","slug":"fumador-passiu","status":"publish","type":"post","link":"https:\/\/nutricionistasbarcelona.es\/ca\/fumador-passiu\/","title":{"rendered":"Com li afecta el tabac al fumador passiu"},"content":{"rendered":"<p>El tabac no \u00e9s nom\u00e9s perjudicial per a aquell qui el fuma. Es <strong>perjudicial per a la salut de tots aquells<\/strong> que estan en contacte amb un fumador, com els que estan en un ambient en el qual s&#8217;hagi fumat, encara que hagin passat dies <!--more Continuar llegint--><\/p>\n<h2><strong>Qu\u00e8 \u00e9s un fumador passiu?<\/strong><\/h2>\n<p>Podem definir com fumador passiu\u00a0 aquella persona que, encara que <strong>no fumi,<\/strong> est\u00e0 exposada sovint als efectes perjudicials del tabac. Normalment es pensa que la gent nom\u00e9s es veu afectada si es respira en un ambient carregat del fum del tabac, per\u00f2 com explicarem en aquest article, tamb\u00e9 es poden <strong>absorbir les subst\u00e0ncies perjudicials<\/strong> de la cigarreta a trav\u00e9s de la pell o de la boca. Aix\u00f2 passa especialment en nens.<\/p>\n<h2><strong>Com afecta a la nostra salut el tabac dels altres?<\/strong><\/h2>\n<p><a href=\"https:\/\/nutricionistasbarcelona.es\/efectos-del-tabaco\/\">Fumar pot provocar fins a 50 malalties diferents<\/a> i afecta a gaireb\u00e9 <strong>tots els \u00f2rgans<\/strong> del cos<\/p>\n<p>Les mateixes subst\u00e0ncies que hi ha al fum que s\u00f3n inspirades des de la cigarreta d\u2019un fumador tamb\u00e9 estan presents en el fum que es <strong>alliberat al medi ambient<\/strong>, per\u00f2 estan presents en major quantitat. La quantitat de nicotina i quitr\u00e0 es multipliquen per 3 i la de mon\u00f2xid de carboni per 5, per exemple.<\/p>\n<p>[actt mask=&#8221; Un fumador passiu \u00e9s aquella persona que, tot i no fumar, est\u00e0 exposat sovint als efectes perjudicials del tabac&#8221; tweet=&#8221; Un fumador passiu \u00e9s aquella persona que, tot i no fumar, est\u00e0 exposat sovint als efectes perjudicials del tabac&#8221; btn-text=&#8221;Twittejar&#8221; duration=&#8221;&#8221; delay=&#8221;&#8221; font=&#8221;poiret-one&#8221; anim=&#8221;none&#8221; template=&#8221;bbutton&#8221;]<\/p>\n<p>Encara que es ventil\u00e9s el fons d\u2019una habitaci\u00f3 on s&#8217;havia fumat pr\u00e8viament, el fum del tabac <strong>s&#8217;acaba dipositant<\/strong> a la roba, mobles, parets, pell, cabell &#8230; i poden durar diversos mesos. Moltes d\u2019aquestes subst\u00e0ncies, com les nitrosamines, interactuen amb l&#8217;ambient i es transformen en altres que tenen major poder cancerigen.<\/p>\n<p>Un fumador passiu t\u00e9 entre un 25 i un 35% <strong>m\u00e9s de possibilitats<\/strong> de patir un infart respecte a una persona que no est\u00e0 exposada al fum del tabac. \u00c9s un Percentatge molt semblant al de patir un c\u00e0ncer de pulm\u00f3, que est\u00e0 al voltant d&#8217;un 35% superior.<\/p>\n<p>Per\u00f2 el fum del tabac<strong> pot afectar r\u00e0pidament<\/strong> a la salut d&#8217;un fumador passiu o persona no fumadora. Per exemple, abans de la llei antitabac que prohibia fumar als locals, qui no ha tornat a casa amb els ulls vermells i plorosos per culpa del fum del cigarret? <strong>Altres s\u00edmptomes lleus per\u00f2 molt molestos<\/strong> que podem patir per ser fumadors passius s\u00f3n la tos, la irritaci\u00f3 nasal o augment de la mucositat.<\/p>\n<p>Si es troba molt temps exposat al <strong>fum del tabac<\/strong> tamb\u00e9 poden provocar m\u00e9s nombre de refredats, infeccions respirat\u00f2ries, crisis asm\u00e0tiques i un EPOC de llarga durada.<\/p>\n<h2><strong>Els nadons com fumadors passius<\/strong><\/h2>\n<p>Els nens i els infants s\u00f3n els dumador passius m\u00e9s afectats pel fum del tabac per diferents motius. S&#8217;ha demostrat que els fills de fills fumadors <strong>tenen m\u00e9s malalties respirat\u00f2ries<\/strong> que els de no fumadors, fins i tot les taxes d&#8217;asm\u00e0tics s\u00f3n superiors.<\/p>\n<p>El fum del tabac<strong> els afecta des d&#8217;abans de n\u00e9ixer<\/strong> ja que a part dels riscos per a la salut del fetus si la mare fuma :baix pes en n\u00e9ixer, part prematur, major risc d&#8217;avortament, &#8230; Si la parella de la mare fuma davant d\u2019ella les mateixes subst\u00e0ncies del tabac que respira la mare <strong>arriben a la placenta<\/strong> afectant la salut de la futura criatura<\/p>\n<p>Quant m\u00e9s jove \u00e9s una persona, la seva freq\u00fc\u00e8ncia respirat\u00f2ria \u00e9s molt major, aix\u00f2 fa que, en comparaci\u00f3, un nad\u00f3 respiri un volum d&#8217;aire contaminat major que el que respira un adult i si aix\u00f2 li sumem que el <strong>seu sistema immunitari \u00a0encara \u00e9s immadur provoca que emmalalteixin<\/strong> m\u00e9s.<\/p>\n<p>[actt mask=&#8221; Els fills de pares fumadors tenen m\u00e9s malalties respirat\u00f2ries que els de no fumadors&#8221; tweet=&#8221; Els fills de pares fumadors tenen m\u00e9s malalties respirat\u00f2ries que els de no fumadors&#8221; btn-text=&#8221;Twittejar&#8221; duration=&#8221;&#8221; delay=&#8221;&#8221; font=&#8221;poiret-one&#8221; anim=&#8221;none&#8221; template=&#8221;bbutton&#8221;]<\/p>\n<p>Per\u00f2 com coment\u00e0vem abans, el fum de tabac <strong>es diposita<\/strong> en tots els objectes que hi ha a la seva abast i roman en ells durant setmanes. Quan un nad\u00f3 juga al terra o al sof\u00e0, si aquest t\u00e9 nicotina o altres subst\u00e0ncies del tabac, pot absorbir-les a trav\u00e9s de la pell i via oral si es posa a la boca un joguet o qualsevol altre objecte.<\/p>\n<h2><strong>Com evitar el fum de segona m\u00e0?<\/strong><\/h2>\n<p>L\u2019\u00fanica manera que tant el fum de segona m\u00e0 (estar al costat d&#8217;una persona que est\u00e0 fumant) com el de tercera m\u00e0 (absorbir les subst\u00e0ncies del tabac en una habitaci\u00f3 on alg\u00fa ha fumat dies anteriors) no afectin als no fumadors \u00e9s que <strong>s\u2019eviti fumar en qualsevol espai tancat<\/strong>.<\/p>\n<p>Fumar al balc\u00f3, la cuina o en una habitaci\u00f3 on no hi ha ning\u00fa no \u00e9s efica\u00e7 perqu\u00e8 el fum del tabac <strong>\u00e9s un gas i es distribueix<\/strong> uniformement per tota la casa. Fins i tot en un estudi es van trobar restes de subst\u00e0ncies del fum del tabac en domicilis de no fumadors que abans d\u2019ells vivien persones fumadores.<\/p>\n<p>Si voleu m\u00e9s informaci\u00f3 de com afecta el tabaquisme passiu a la nostra salut, consulta el <a href=\"https:\/\/www.youtube.com\/watch?v=r94iK4qVjHw&amp;index=2&amp;list=PLk_XUZ_ZovTvhDMmDBKrQ00Ss3E15p9Ee\">nostre v\u00eddeo on expliquem les difer\u00e8ncies entre el tabaquisme<\/a> de segona, tercera i quarta m\u00e0.<\/p>\n","protected":false},"excerpt":{"rendered":"<p>El tabac no \u00e9s nom\u00e9s perjudicial per a aquell qui el fuma. Es perjudicial per a la salut de tots aquells que estan en contacte amb un fumador, com els que estan en un ambient en el qual s&#8217;hagi fumat, encara que hagin passat dies<\/p>\n","protected":false},"author":4,"featured_media":4592,"comment_status":"open","ping_status":"open","sticky":false,"template":"","format":"standard","meta":{"_monsterinsights_skip_tracking":false,"_monsterinsights_sitenote_active":false,"_monsterinsights_sitenote_note":"","_monsterinsights_sitenote_category":0,"footnotes":""},"categories":[44],"tags":[],"class_list":["post-4594","post","type-post","status-publish","format-standard","has-post-thumbnail","hentry","category-deixar-de-fumar"],"yoast_head":"<!-- This site is optimized with the Yoast SEO plugin v26.3 - https:\/\/yoast.com\/wordpress\/plugins\/seo\/ -->\n<title>Fumador passiu. Com ens afecta i quines s\u00f3n les possibles solucions<\/title>\n<meta name=\"description\" content=\"En aquest article parlarem del fumador passiu, quins s\u00f3n els grups m\u00e9s afectats i les conseq\u00fcents que t\u00e9 el fum del tabac en les nostres vides.\" \/>\n<meta name=\"robots\" content=\"index, follow, max-snippet:-1, max-image-preview:large, max-video-preview:-1\" \/>\n<link rel=\"canonical\" href=\"https:\/\/nutricionistasbarcelona.es\/ca\/fumador-passiu\/\" \/>\n<meta property=\"og:locale\" content=\"ca_ES\" \/>\n<meta property=\"og:type\" content=\"article\" \/>\n<meta property=\"og:title\" content=\"Fumador passiu. Com ens afecta i quines s\u00f3n les possibles solucions\" \/>\n<meta property=\"og:description\" content=\"En aquest article parlarem del fumador passiu, quins s\u00f3n els grups m\u00e9s afectats i les conseq\u00fcents que t\u00e9 el fum del tabac en les nostres vides.\" \/>\n<meta property=\"og:url\" content=\"https:\/\/nutricionistasbarcelona.es\/ca\/fumador-passiu\/\" \/>\n<meta property=\"og:site_name\" content=\"nutricionistas barcelona\" \/>\n<meta property=\"article:published_time\" content=\"2018-11-15T06:45:57+00:00\" \/>\n<meta property=\"article:modified_time\" content=\"2019-02-20T16:03:48+00:00\" \/>\n<meta property=\"og:image\" content=\"https:\/\/nutricionistasbarcelona.es\/wp-content\/uploads\/2018\/11\/asma-y-tabaco.jpg\" \/>\n\t<meta property=\"og:image:width\" content=\"640\" \/>\n\t<meta property=\"og:image:height\" content=\"427\" \/>\n\t<meta property=\"og:image:type\" content=\"image\/jpeg\" \/>\n<meta name=\"author\" content=\"Antonio Vallejo Domingo\" \/>\n<meta name=\"twitter:card\" content=\"summary_large_image\" \/>\n<meta name=\"twitter:label1\" content=\"Escrit per\" \/>\n\t<meta name=\"twitter:data1\" content=\"Antonio Vallejo Domingo\" \/>\n\t<meta name=\"twitter:label2\" content=\"Temps estimat de lectura\" \/>\n\t<meta name=\"twitter:data2\" content=\"5 minuts\" \/>\n<script type=\"application\/ld+json\" class=\"yoast-schema-graph\">{\"@context\":\"https:\/\/schema.org\",\"@graph\":[{\"@type\":\"WebPage\",\"@id\":\"https:\/\/nutricionistasbarcelona.es\/ca\/fumador-passiu\/\",\"url\":\"https:\/\/nutricionistasbarcelona.es\/ca\/fumador-passiu\/\",\"name\":\"Fumador passiu. Com ens afecta i quines s\u00f3n les possibles solucions\",\"isPartOf\":{\"@id\":\"https:\/\/nutricionistasbarcelona.es\/ca\/#website\"},\"primaryImageOfPage\":{\"@id\":\"https:\/\/nutricionistasbarcelona.es\/ca\/fumador-passiu\/#primaryimage\"},\"image\":{\"@id\":\"https:\/\/nutricionistasbarcelona.es\/ca\/fumador-passiu\/#primaryimage\"},\"thumbnailUrl\":\"https:\/\/nutricionistasbarcelona.es\/wp-content\/uploads\/2018\/11\/asma-y-tabaco.jpg\",\"datePublished\":\"2018-11-15T06:45:57+00:00\",\"dateModified\":\"2019-02-20T16:03:48+00:00\",\"author\":{\"@id\":\"https:\/\/nutricionistasbarcelona.es\/ca\/#\/schema\/person\/65e3b98eb8e0653b4c2946782b674a2c\"},\"description\":\"En aquest article parlarem del fumador passiu, quins s\u00f3n els grups m\u00e9s afectats i les conseq\u00fcents que t\u00e9 el fum del tabac en les nostres vides.\",\"breadcrumb\":{\"@id\":\"https:\/\/nutricionistasbarcelona.es\/ca\/fumador-passiu\/#breadcrumb\"},\"inLanguage\":\"ca\",\"potentialAction\":[{\"@type\":\"ReadAction\",\"target\":[\"https:\/\/nutricionistasbarcelona.es\/ca\/fumador-passiu\/\"]}]},{\"@type\":\"ImageObject\",\"inLanguage\":\"ca\",\"@id\":\"https:\/\/nutricionistasbarcelona.es\/ca\/fumador-passiu\/#primaryimage\",\"url\":\"https:\/\/nutricionistasbarcelona.es\/wp-content\/uploads\/2018\/11\/asma-y-tabaco.jpg\",\"contentUrl\":\"https:\/\/nutricionistasbarcelona.es\/wp-content\/uploads\/2018\/11\/asma-y-tabaco.jpg\",\"width\":640,\"height\":427,\"caption\":\"fumador pasivo\"},{\"@type\":\"BreadcrumbList\",\"@id\":\"https:\/\/nutricionistasbarcelona.es\/ca\/fumador-passiu\/#breadcrumb\",\"itemListElement\":[{\"@type\":\"ListItem\",\"position\":1,\"name\":\"Portada\",\"item\":\"https:\/\/nutricionistasbarcelona.es\/ca\/\"},{\"@type\":\"ListItem\",\"position\":2,\"name\":\"Com li afecta el tabac al fumador passiu\"}]},{\"@type\":\"WebSite\",\"@id\":\"https:\/\/nutricionistasbarcelona.es\/ca\/#website\",\"url\":\"https:\/\/nutricionistasbarcelona.es\/ca\/\",\"name\":\"nutricionistas barcelona\",\"description\":\"servicio de nutricionistas en barcelona comida sana\",\"potentialAction\":[{\"@type\":\"SearchAction\",\"target\":{\"@type\":\"EntryPoint\",\"urlTemplate\":\"https:\/\/nutricionistasbarcelona.es\/ca\/?s={search_term_string}\"},\"query-input\":{\"@type\":\"PropertyValueSpecification\",\"valueRequired\":true,\"valueName\":\"search_term_string\"}}],\"inLanguage\":\"ca\"},{\"@type\":\"Person\",\"@id\":\"https:\/\/nutricionistasbarcelona.es\/ca\/#\/schema\/person\/65e3b98eb8e0653b4c2946782b674a2c\",\"name\":\"Antonio Vallejo Domingo\",\"image\":{\"@type\":\"ImageObject\",\"inLanguage\":\"ca\",\"@id\":\"https:\/\/nutricionistasbarcelona.es\/ca\/#\/schema\/person\/image\/\",\"url\":\"https:\/\/secure.gravatar.com\/avatar\/da8a9ae0f99856383ed23215a7da13db380fbf638a1c42ecc8fb9a7f044f0fdb?s=96&d=mm&r=g\",\"contentUrl\":\"https:\/\/secure.gravatar.com\/avatar\/da8a9ae0f99856383ed23215a7da13db380fbf638a1c42ecc8fb9a7f044f0fdb?s=96&d=mm&r=g\",\"caption\":\"Antonio Vallejo Domingo\"},\"description\":\"Enfermero desde hace 17 a\u00f1os y con 13 a\u00f1os de experiencia en la atenci\u00f3n primaria. Curs\u00e9 un posgrado en Nutrici\u00f3n y Diet\u00e9tica y poco despu\u00e9s realic\u00e9\u00a0un M\u00e1ster en Tabaquismo. Tambi\u00e9n soy vocal de la Junta de SEDET (Sociedad Espa\u00f1ola de Especialistas en Tabaquismo)\",\"url\":\"https:\/\/nutricionistasbarcelona.es\/ca\/author\/antonio-vallejo\/\"}]}<\/script>\n<!-- \/ Yoast SEO plugin. -->","yoast_head_json":{"title":"Fumador passiu. Com ens afecta i quines s\u00f3n les possibles solucions","description":"En aquest article parlarem del fumador passiu, quins s\u00f3n els grups m\u00e9s afectats i les conseq\u00fcents que t\u00e9 el fum del tabac en les nostres vides.","robots":{"index":"index","follow":"follow","max-snippet":"max-snippet:-1","max-image-preview":"max-image-preview:large","max-video-preview":"max-video-preview:-1"},"canonical":"https:\/\/nutricionistasbarcelona.es\/ca\/fumador-passiu\/","og_locale":"ca_ES","og_type":"article","og_title":"Fumador passiu. Com ens afecta i quines s\u00f3n les possibles solucions","og_description":"En aquest article parlarem del fumador passiu, quins s\u00f3n els grups m\u00e9s afectats i les conseq\u00fcents que t\u00e9 el fum del tabac en les nostres vides.","og_url":"https:\/\/nutricionistasbarcelona.es\/ca\/fumador-passiu\/","og_site_name":"nutricionistas barcelona","article_published_time":"2018-11-15T06:45:57+00:00","article_modified_time":"2019-02-20T16:03:48+00:00","og_image":[{"width":640,"height":427,"url":"https:\/\/nutricionistasbarcelona.es\/wp-content\/uploads\/2018\/11\/asma-y-tabaco.jpg","type":"image\/jpeg"}],"author":"Antonio Vallejo Domingo","twitter_card":"summary_large_image","twitter_misc":{"Escrit per":"Antonio Vallejo Domingo","Temps estimat de lectura":"5 minuts"},"schema":{"@context":"https:\/\/schema.org","@graph":[{"@type":"WebPage","@id":"https:\/\/nutricionistasbarcelona.es\/ca\/fumador-passiu\/","url":"https:\/\/nutricionistasbarcelona.es\/ca\/fumador-passiu\/","name":"Fumador passiu. Com ens afecta i quines s\u00f3n les possibles solucions","isPartOf":{"@id":"https:\/\/nutricionistasbarcelona.es\/ca\/#website"},"primaryImageOfPage":{"@id":"https:\/\/nutricionistasbarcelona.es\/ca\/fumador-passiu\/#primaryimage"},"image":{"@id":"https:\/\/nutricionistasbarcelona.es\/ca\/fumador-passiu\/#primaryimage"},"thumbnailUrl":"https:\/\/nutricionistasbarcelona.es\/wp-content\/uploads\/2018\/11\/asma-y-tabaco.jpg","datePublished":"2018-11-15T06:45:57+00:00","dateModified":"2019-02-20T16:03:48+00:00","author":{"@id":"https:\/\/nutricionistasbarcelona.es\/ca\/#\/schema\/person\/65e3b98eb8e0653b4c2946782b674a2c"},"description":"En aquest article parlarem del fumador passiu, quins s\u00f3n els grups m\u00e9s afectats i les conseq\u00fcents que t\u00e9 el fum del tabac en les nostres vides.","breadcrumb":{"@id":"https:\/\/nutricionistasbarcelona.es\/ca\/fumador-passiu\/#breadcrumb"},"inLanguage":"ca","potentialAction":[{"@type":"ReadAction","target":["https:\/\/nutricionistasbarcelona.es\/ca\/fumador-passiu\/"]}]},{"@type":"ImageObject","inLanguage":"ca","@id":"https:\/\/nutricionistasbarcelona.es\/ca\/fumador-passiu\/#primaryimage","url":"https:\/\/nutricionistasbarcelona.es\/wp-content\/uploads\/2018\/11\/asma-y-tabaco.jpg","contentUrl":"https:\/\/nutricionistasbarcelona.es\/wp-content\/uploads\/2018\/11\/asma-y-tabaco.jpg","width":640,"height":427,"caption":"fumador pasivo"},{"@type":"BreadcrumbList","@id":"https:\/\/nutricionistasbarcelona.es\/ca\/fumador-passiu\/#breadcrumb","itemListElement":[{"@type":"ListItem","position":1,"name":"Portada","item":"https:\/\/nutricionistasbarcelona.es\/ca\/"},{"@type":"ListItem","position":2,"name":"Com li afecta el tabac al fumador passiu"}]},{"@type":"WebSite","@id":"https:\/\/nutricionistasbarcelona.es\/ca\/#website","url":"https:\/\/nutricionistasbarcelona.es\/ca\/","name":"nutricionistas barcelona","description":"servicio de nutricionistas en barcelona comida sana","potentialAction":[{"@type":"SearchAction","target":{"@type":"EntryPoint","urlTemplate":"https:\/\/nutricionistasbarcelona.es\/ca\/?s={search_term_string}"},"query-input":{"@type":"PropertyValueSpecification","valueRequired":true,"valueName":"search_term_string"}}],"inLanguage":"ca"},{"@type":"Person","@id":"https:\/\/nutricionistasbarcelona.es\/ca\/#\/schema\/person\/65e3b98eb8e0653b4c2946782b674a2c","name":"Antonio Vallejo Domingo","image":{"@type":"ImageObject","inLanguage":"ca","@id":"https:\/\/nutricionistasbarcelona.es\/ca\/#\/schema\/person\/image\/","url":"https:\/\/secure.gravatar.com\/avatar\/da8a9ae0f99856383ed23215a7da13db380fbf638a1c42ecc8fb9a7f044f0fdb?s=96&d=mm&r=g","contentUrl":"https:\/\/secure.gravatar.com\/avatar\/da8a9ae0f99856383ed23215a7da13db380fbf638a1c42ecc8fb9a7f044f0fdb?s=96&d=mm&r=g","caption":"Antonio Vallejo Domingo"},"description":"Enfermero desde hace 17 a\u00f1os y con 13 a\u00f1os de experiencia en la atenci\u00f3n primaria. Curs\u00e9 un posgrado en Nutrici\u00f3n y Diet\u00e9tica y poco despu\u00e9s realic\u00e9\u00a0un M\u00e1ster en Tabaquismo. Tambi\u00e9n soy vocal de la Junta de SEDET (Sociedad Espa\u00f1ola de Especialistas en Tabaquismo)","url":"https:\/\/nutricionistasbarcelona.es\/ca\/author\/antonio-vallejo\/"}]}},"_links":{"self":[{"href":"https:\/\/nutricionistasbarcelona.es\/ca\/wp-json\/wp\/v2\/posts\/4594","targetHints":{"allow":["GET"]}}],"collection":[{"href":"https:\/\/nutricionistasbarcelona.es\/ca\/wp-json\/wp\/v2\/posts"}],"about":[{"href":"https:\/\/nutricionistasbarcelona.es\/ca\/wp-json\/wp\/v2\/types\/post"}],"author":[{"embeddable":true,"href":"https:\/\/nutricionistasbarcelona.es\/ca\/wp-json\/wp\/v2\/users\/4"}],"replies":[{"embeddable":true,"href":"https:\/\/nutricionistasbarcelona.es\/ca\/wp-json\/wp\/v2\/comments?post=4594"}],"version-history":[{"count":0,"href":"https:\/\/nutricionistasbarcelona.es\/ca\/wp-json\/wp\/v2\/posts\/4594\/revisions"}],"wp:featuredmedia":[{"embeddable":true,"href":"https:\/\/nutricionistasbarcelona.es\/ca\/wp-json\/wp\/v2\/media\/4592"}],"wp:attachment":[{"href":"https:\/\/nutricionistasbarcelona.es\/ca\/wp-json\/wp\/v2\/media?parent=4594"}],"wp:term":[{"taxonomy":"category","embeddable":true,"href":"https:\/\/nutricionistasbarcelona.es\/ca\/wp-json\/wp\/v2\/categories?post=4594"},{"taxonomy":"post_tag","embeddable":true,"href":"https:\/\/nutricionistasbarcelona.es\/ca\/wp-json\/wp\/v2\/tags?post=4594"}],"curies":[{"name":"wp","href":"https:\/\/api.w.org\/{rel}","templated":true}]}}