{"id":4572,"date":"2018-11-07T08:45:09","date_gmt":"2018-11-07T06:45:09","guid":{"rendered":"https:\/\/nutricionistasbarcelona.es\/?p=4572"},"modified":"2019-02-20T17:05:46","modified_gmt":"2019-02-20T16:05:46","slug":"intolerancia-alimentaria","status":"publish","type":"post","link":"https:\/\/nutricionistasbarcelona.es\/ca\/intolerancia-alimentaria\/","title":{"rendered":"Tot sobre la Intoler\u00e0ncia Aliment\u00e0ria"},"content":{"rendered":"<p>Sovint el terme Intoler\u00e0ncia o al\u00b7l\u00e8rgia presta confusi\u00f3. Es pensa que s\u00f3n el mateix, per\u00f2 no ho son i tenen <strong>efectes molt diferents<\/strong> en el nostre organisme.<!--more Continuar llegint--><\/p>\n<h2><strong>Quina seria la difer\u00e8ncia entre una al\u00b7l\u00e8rgia i una intoler\u00e0ncia aliment\u00e0ria?<\/strong><\/h2>\n<p>Una al\u00b7l\u00e8rgia aliment\u00e0ria, \u00e9s quan el <strong>nostre Sistema Immune reacciona<\/strong> amb la prote\u00efna d&#8217;un aliment que hem menjat, mitjan\u00e7ant per una immunoglobulina E (IgE). Un exemple seria tenir al\u00b7l\u00e8rgia a la case\u00efna (la prote\u00efna de la llet de vaca).<\/p>\n<p>Una intoler\u00e0ncia aliment\u00e0ria pot ser <strong>causada per una defici\u00e8ncia enzim\u00e0tica<\/strong>. L&#8217;enzim (Lactasa) no degrada el sucre (lactosa) que est\u00e0 present de forma natural a la llet.<\/p>\n<p>Quines s\u00f3n les intoler\u00e0ncies\u00a0aliment\u00e0ries m\u00e9s freq\u00fcents?<\/p>\n<h3><strong><u>Intoler\u00e0ncia a la lactosa<\/u><\/strong><\/h3>\n<p>S\u2019haurien d\u2019eliminar tots els aliments que tinguin lactosa com (llet, iogurts, gelats, formatges). No totes les persones intolerants a la lactosa els hi senten malament els aliments abans esmentats. Hi ha algunes que els hi senten b\u00e9 els formatges i els iogurts. Tot dep\u00e8n de la toler\u00e0ncia de la persona.<\/p>\n<p>\u00c9s molt <strong>important que es llegeixin les etiquetes<\/strong> dels aliments. Per saber si han afegit lactosa, ja que pot estar present en embotits, en sopes preparades, en brioixeria, etc &#8230;<\/p>\n<h3><strong><u>Intoler\u00e0ncia a la fructosa<\/u><\/strong><\/h3>\n<p>Tamb\u00e9 es coneix amb el nom de Mal absorci\u00f3 de la fructosa. Aqu\u00ed tindr\u00edem que evitar les fruites, ja que la fructosa \u00e9s el sucre que est\u00e0 en elles. Tamb\u00e9 es trobem en algunes verdures, la mel, alguns edulcorants i altres aliments. Com he dit abans, s&#8217;han de llegir totes les etiquetes per despr\u00e9s no tenir sorpreses.<\/p>\n<p>Algunes de les persones que tenen aquesta intoler\u00e0ncia tamb\u00e9 poden menjar certa quantitat de fruita. Haurien que <strong>comen\u00e7ar a menjar<\/strong> les que tenen el contingut m\u00e9s baix i veure la seva toler\u00e0ncia.<\/p>\n<p>[actt mask=&#8221;\u00c9s molt important que es llegeixin les etiquetes dels aliments per evitar sorpreses posteriors&#8221; tweet=&#8221;\u00c9s molt important que es llegeixin les etiquetes dels aliments per evitar sorpreses posteriors&#8221; btn-text=&#8221;Twittejar&#8221; duration=&#8221;&#8221; delay=&#8221;&#8221; font=&#8221;poiret-one&#8221; anim=&#8221;none&#8221; template=&#8221;bbutton&#8221;]<\/p>\n<h3><strong><u>Intoler\u00e0ncia al gluten<\/u><\/strong><\/h3>\n<p>O tamb\u00e9 anomenada malaltia Cel\u00edaca. Ens trobem amb una intoler\u00e0ncia a la prote\u00efna del gluten que est\u00e0 present en el blat, el c\u00e8ntim, el titicale, el kamut, l&#8217;espelta, etc.<\/p>\n<p>En aquest cas, haur\u00edem de <strong>substituir aquests cereals per altres aliments<\/strong>, com per exemple l&#8217;arr\u00f2s, el blat de moro, la patata, el mill, el sorgo, el blat sarra\u00ed, etc.<\/p>\n<p>No em cansar\u00e9 de repetir que sempre tindran que llegir les etiquetes dels aliments, ja que aquests nutrients poden estar presents en qualsevol aliment.<\/p>\n<p>M&#8217;agradaria remarcar que en el que es refereix al gluten, <strong>haur\u00edem de distingir<\/strong> b\u00e9 all\u00f2 que \u00e9s la <em>intoler\u00e0ncia, l&#8217;al\u00b7l\u00e8rgia o la sensibilitat al gluten<\/em>. Per\u00f2 aix\u00f2 ja ho explicarem en un altre post.<\/p>\n<h2><strong>Com afecta el nostre cos?<\/strong><\/h2>\n<p>Quan hi hagi una reacci\u00f3 al\u00b7l\u00e8rgica, els s\u00edmptomes solen ser picor, urtic\u00e0ria, inflamaci\u00f3 de les vies respirat\u00f2ries i fins i tot en el pitjor dels casos tenir un schock anafil\u00e0ctic, que necessita <strong>l\u2019atenci\u00f3 m\u00e8dica immediata<\/strong> ja que pot ser causa de mort.<\/p>\n<p>Quan tenim una intoler\u00e0ncia aliment\u00e0ria, els <strong>s\u00edmptomes solen ser gastrointestinals<\/strong> com, per exemple, gasos, estomacal dolor, malalties digestives, diarrees, v\u00f2mits, intest\u00ed inflamaci\u00f3 i mal absorci\u00f3 de determinats nutrients i en un futur pot provocar una mala nutrici\u00f3.<\/p>\n<h2><strong>Com buscar ajuda?<\/strong><\/h2>\n<p>Si no saps com has de menjar, o qu\u00e8 \u00e9s el que pots menjar&#8230;<\/p>\n<p>Si vols tornar a sentir-te b\u00e9, aqu\u00ed a Nutricionistes Barcelona, <strong>\u200b\u200bt\u2019ensenyarem a qu\u00e8 puguis tenir una dieta equilibrada<\/strong> i adaptada a les teves necessitats.<\/p>\n<p>Apr\u00e8n amb nosaltres a llegir b\u00e9 les etiquetes i saber que contenen. Apr\u00e8n a distingir si aquests aliments s\u00f3n aptes per a tu o no.<\/p>\n<p>Si voleu m\u00e9s informaci\u00f3 sobre nosaltres <a href=\"https:\/\/nutricionistasbarcelona.es\/ca\/conocenos\/\">Clica aqu\u00ed<\/a><\/p>\n","protected":false},"excerpt":{"rendered":"<p>Sovint el terme Intoler\u00e0ncia o al\u00b7l\u00e8rgia presta confusi\u00f3. Es pensa que s\u00f3n el mateix, per\u00f2 no ho son i tenen efectes molt diferents en el nostre organisme.<\/p>\n","protected":false},"author":2,"featured_media":4576,"comment_status":"open","ping_status":"open","sticky":false,"template":"","format":"standard","meta":{"_monsterinsights_skip_tracking":false,"_monsterinsights_sitenote_active":false,"_monsterinsights_sitenote_note":"","_monsterinsights_sitenote_category":0,"footnotes":""},"categories":[129,45],"tags":[],"class_list":["post-4572","post","type-post","status-publish","format-standard","has-post-thumbnail","hentry","category-dietas-ca","category-fer-dieta"],"yoast_head":"<!-- This site is optimized with the Yoast SEO plugin v26.3 - https:\/\/yoast.com\/wordpress\/plugins\/seo\/ -->\n<title>Intoler\u00e0ncia Aliment\u00e0ria. Descobreix com afecta el nostre cos<\/title>\n<meta name=\"description\" content=\"La intoler\u00e0ncia aliment\u00e0ria, sovint confosa amb una al\u00b7l\u00e8rgia aliment\u00e0ria, \u00e9s un problema que afecta el nostre organisme d&#039;una manera molt concreta.\" \/>\n<meta name=\"robots\" content=\"index, follow, max-snippet:-1, max-image-preview:large, max-video-preview:-1\" \/>\n<link rel=\"canonical\" href=\"https:\/\/nutricionistasbarcelona.es\/ca\/intolerancia-alimentaria\/\" \/>\n<meta property=\"og:locale\" content=\"ca_ES\" \/>\n<meta property=\"og:type\" content=\"article\" \/>\n<meta property=\"og:title\" content=\"Intoler\u00e0ncia Aliment\u00e0ria. Descobreix com afecta el nostre cos\" \/>\n<meta property=\"og:description\" content=\"La intoler\u00e0ncia aliment\u00e0ria, sovint confosa amb una al\u00b7l\u00e8rgia aliment\u00e0ria, \u00e9s un problema que afecta el nostre organisme d&#039;una manera molt concreta.\" \/>\n<meta property=\"og:url\" content=\"https:\/\/nutricionistasbarcelona.es\/ca\/intolerancia-alimentaria\/\" \/>\n<meta property=\"og:site_name\" content=\"nutricionistas barcelona\" \/>\n<meta property=\"article:published_time\" content=\"2018-11-07T06:45:09+00:00\" \/>\n<meta property=\"article:modified_time\" content=\"2019-02-20T16:05:46+00:00\" \/>\n<meta property=\"og:image\" content=\"https:\/\/nutricionistasbarcelona.es\/wp-content\/uploads\/2018\/11\/Alergia-alimentaria.jpg\" \/>\n\t<meta property=\"og:image:width\" content=\"640\" \/>\n\t<meta property=\"og:image:height\" content=\"427\" \/>\n\t<meta property=\"og:image:type\" content=\"image\/jpeg\" \/>\n<meta name=\"author\" content=\"Marta Abardia\" \/>\n<meta name=\"twitter:card\" content=\"summary_large_image\" \/>\n<meta name=\"twitter:label1\" content=\"Escrit per\" \/>\n\t<meta name=\"twitter:data1\" content=\"Marta Abardia\" \/>\n\t<meta name=\"twitter:label2\" content=\"Temps estimat de lectura\" \/>\n\t<meta name=\"twitter:data2\" content=\"3 minuts\" \/>\n<script type=\"application\/ld+json\" class=\"yoast-schema-graph\">{\"@context\":\"https:\/\/schema.org\",\"@graph\":[{\"@type\":\"WebPage\",\"@id\":\"https:\/\/nutricionistasbarcelona.es\/ca\/intolerancia-alimentaria\/\",\"url\":\"https:\/\/nutricionistasbarcelona.es\/ca\/intolerancia-alimentaria\/\",\"name\":\"Intoler\u00e0ncia Aliment\u00e0ria. Descobreix com afecta el nostre cos\",\"isPartOf\":{\"@id\":\"https:\/\/nutricionistasbarcelona.es\/ca\/#website\"},\"primaryImageOfPage\":{\"@id\":\"https:\/\/nutricionistasbarcelona.es\/ca\/intolerancia-alimentaria\/#primaryimage\"},\"image\":{\"@id\":\"https:\/\/nutricionistasbarcelona.es\/ca\/intolerancia-alimentaria\/#primaryimage\"},\"thumbnailUrl\":\"https:\/\/nutricionistasbarcelona.es\/wp-content\/uploads\/2018\/11\/Alergia-alimentaria.jpg\",\"datePublished\":\"2018-11-07T06:45:09+00:00\",\"dateModified\":\"2019-02-20T16:05:46+00:00\",\"author\":{\"@id\":\"https:\/\/nutricionistasbarcelona.es\/ca\/#\/schema\/person\/1d61f2e949e5b57ee7d51cb735a1cb3b\"},\"description\":\"La intoler\u00e0ncia aliment\u00e0ria, sovint confosa amb una al\u00b7l\u00e8rgia aliment\u00e0ria, \u00e9s un problema que afecta el nostre organisme d'una manera molt concreta.\",\"breadcrumb\":{\"@id\":\"https:\/\/nutricionistasbarcelona.es\/ca\/intolerancia-alimentaria\/#breadcrumb\"},\"inLanguage\":\"ca\",\"potentialAction\":[{\"@type\":\"ReadAction\",\"target\":[\"https:\/\/nutricionistasbarcelona.es\/ca\/intolerancia-alimentaria\/\"]}]},{\"@type\":\"ImageObject\",\"inLanguage\":\"ca\",\"@id\":\"https:\/\/nutricionistasbarcelona.es\/ca\/intolerancia-alimentaria\/#primaryimage\",\"url\":\"https:\/\/nutricionistasbarcelona.es\/wp-content\/uploads\/2018\/11\/Alergia-alimentaria.jpg\",\"contentUrl\":\"https:\/\/nutricionistasbarcelona.es\/wp-content\/uploads\/2018\/11\/Alergia-alimentaria.jpg\",\"width\":640,\"height\":427,\"caption\":\"intolerancia alimenticia\"},{\"@type\":\"BreadcrumbList\",\"@id\":\"https:\/\/nutricionistasbarcelona.es\/ca\/intolerancia-alimentaria\/#breadcrumb\",\"itemListElement\":[{\"@type\":\"ListItem\",\"position\":1,\"name\":\"Portada\",\"item\":\"https:\/\/nutricionistasbarcelona.es\/ca\/\"},{\"@type\":\"ListItem\",\"position\":2,\"name\":\"Tot sobre la Intoler\u00e0ncia Aliment\u00e0ria\"}]},{\"@type\":\"WebSite\",\"@id\":\"https:\/\/nutricionistasbarcelona.es\/ca\/#website\",\"url\":\"https:\/\/nutricionistasbarcelona.es\/ca\/\",\"name\":\"nutricionistas barcelona\",\"description\":\"servicio de nutricionistas en barcelona comida sana\",\"potentialAction\":[{\"@type\":\"SearchAction\",\"target\":{\"@type\":\"EntryPoint\",\"urlTemplate\":\"https:\/\/nutricionistasbarcelona.es\/ca\/?s={search_term_string}\"},\"query-input\":{\"@type\":\"PropertyValueSpecification\",\"valueRequired\":true,\"valueName\":\"search_term_string\"}}],\"inLanguage\":\"ca\"},{\"@type\":\"Person\",\"@id\":\"https:\/\/nutricionistasbarcelona.es\/ca\/#\/schema\/person\/1d61f2e949e5b57ee7d51cb735a1cb3b\",\"name\":\"Marta Abardia\",\"image\":{\"@type\":\"ImageObject\",\"inLanguage\":\"ca\",\"@id\":\"https:\/\/nutricionistasbarcelona.es\/ca\/#\/schema\/person\/image\/\",\"url\":\"https:\/\/secure.gravatar.com\/avatar\/fa8b359b7088945da85bf27037059e66644564119474f41a40878bad93c8d523?s=96&d=mm&r=g\",\"contentUrl\":\"https:\/\/secure.gravatar.com\/avatar\/fa8b359b7088945da85bf27037059e66644564119474f41a40878bad93c8d523?s=96&d=mm&r=g\",\"caption\":\"Marta Abardia\"},\"description\":\"Soy Nutricionista \u2013 Dietista en Barcelona. Tengo 19 a\u00f1os de experiencia como profesional. Pienso que mi trabajo no es s\u00f3lo calcular una dieta o saber que contienen los alimentos. Mi labor es transmitir y acompa\u00f1ar a mis pacientes para conseguir un cambio de h\u00e1bitos alimentarios.\",\"url\":\"https:\/\/nutricionistasbarcelona.es\/ca\/author\/admin\/\"}]}<\/script>\n<!-- \/ Yoast SEO plugin. -->","yoast_head_json":{"title":"Intoler\u00e0ncia Aliment\u00e0ria. Descobreix com afecta el nostre cos","description":"La intoler\u00e0ncia aliment\u00e0ria, sovint confosa amb una al\u00b7l\u00e8rgia aliment\u00e0ria, \u00e9s un problema que afecta el nostre organisme d'una manera molt concreta.","robots":{"index":"index","follow":"follow","max-snippet":"max-snippet:-1","max-image-preview":"max-image-preview:large","max-video-preview":"max-video-preview:-1"},"canonical":"https:\/\/nutricionistasbarcelona.es\/ca\/intolerancia-alimentaria\/","og_locale":"ca_ES","og_type":"article","og_title":"Intoler\u00e0ncia Aliment\u00e0ria. Descobreix com afecta el nostre cos","og_description":"La intoler\u00e0ncia aliment\u00e0ria, sovint confosa amb una al\u00b7l\u00e8rgia aliment\u00e0ria, \u00e9s un problema que afecta el nostre organisme d'una manera molt concreta.","og_url":"https:\/\/nutricionistasbarcelona.es\/ca\/intolerancia-alimentaria\/","og_site_name":"nutricionistas barcelona","article_published_time":"2018-11-07T06:45:09+00:00","article_modified_time":"2019-02-20T16:05:46+00:00","og_image":[{"width":640,"height":427,"url":"https:\/\/nutricionistasbarcelona.es\/wp-content\/uploads\/2018\/11\/Alergia-alimentaria.jpg","type":"image\/jpeg"}],"author":"Marta Abardia","twitter_card":"summary_large_image","twitter_misc":{"Escrit per":"Marta Abardia","Temps estimat de lectura":"3 minuts"},"schema":{"@context":"https:\/\/schema.org","@graph":[{"@type":"WebPage","@id":"https:\/\/nutricionistasbarcelona.es\/ca\/intolerancia-alimentaria\/","url":"https:\/\/nutricionistasbarcelona.es\/ca\/intolerancia-alimentaria\/","name":"Intoler\u00e0ncia Aliment\u00e0ria. Descobreix com afecta el nostre cos","isPartOf":{"@id":"https:\/\/nutricionistasbarcelona.es\/ca\/#website"},"primaryImageOfPage":{"@id":"https:\/\/nutricionistasbarcelona.es\/ca\/intolerancia-alimentaria\/#primaryimage"},"image":{"@id":"https:\/\/nutricionistasbarcelona.es\/ca\/intolerancia-alimentaria\/#primaryimage"},"thumbnailUrl":"https:\/\/nutricionistasbarcelona.es\/wp-content\/uploads\/2018\/11\/Alergia-alimentaria.jpg","datePublished":"2018-11-07T06:45:09+00:00","dateModified":"2019-02-20T16:05:46+00:00","author":{"@id":"https:\/\/nutricionistasbarcelona.es\/ca\/#\/schema\/person\/1d61f2e949e5b57ee7d51cb735a1cb3b"},"description":"La intoler\u00e0ncia aliment\u00e0ria, sovint confosa amb una al\u00b7l\u00e8rgia aliment\u00e0ria, \u00e9s un problema que afecta el nostre organisme d'una manera molt concreta.","breadcrumb":{"@id":"https:\/\/nutricionistasbarcelona.es\/ca\/intolerancia-alimentaria\/#breadcrumb"},"inLanguage":"ca","potentialAction":[{"@type":"ReadAction","target":["https:\/\/nutricionistasbarcelona.es\/ca\/intolerancia-alimentaria\/"]}]},{"@type":"ImageObject","inLanguage":"ca","@id":"https:\/\/nutricionistasbarcelona.es\/ca\/intolerancia-alimentaria\/#primaryimage","url":"https:\/\/nutricionistasbarcelona.es\/wp-content\/uploads\/2018\/11\/Alergia-alimentaria.jpg","contentUrl":"https:\/\/nutricionistasbarcelona.es\/wp-content\/uploads\/2018\/11\/Alergia-alimentaria.jpg","width":640,"height":427,"caption":"intolerancia alimenticia"},{"@type":"BreadcrumbList","@id":"https:\/\/nutricionistasbarcelona.es\/ca\/intolerancia-alimentaria\/#breadcrumb","itemListElement":[{"@type":"ListItem","position":1,"name":"Portada","item":"https:\/\/nutricionistasbarcelona.es\/ca\/"},{"@type":"ListItem","position":2,"name":"Tot sobre la Intoler\u00e0ncia Aliment\u00e0ria"}]},{"@type":"WebSite","@id":"https:\/\/nutricionistasbarcelona.es\/ca\/#website","url":"https:\/\/nutricionistasbarcelona.es\/ca\/","name":"nutricionistas barcelona","description":"servicio de nutricionistas en barcelona comida sana","potentialAction":[{"@type":"SearchAction","target":{"@type":"EntryPoint","urlTemplate":"https:\/\/nutricionistasbarcelona.es\/ca\/?s={search_term_string}"},"query-input":{"@type":"PropertyValueSpecification","valueRequired":true,"valueName":"search_term_string"}}],"inLanguage":"ca"},{"@type":"Person","@id":"https:\/\/nutricionistasbarcelona.es\/ca\/#\/schema\/person\/1d61f2e949e5b57ee7d51cb735a1cb3b","name":"Marta Abardia","image":{"@type":"ImageObject","inLanguage":"ca","@id":"https:\/\/nutricionistasbarcelona.es\/ca\/#\/schema\/person\/image\/","url":"https:\/\/secure.gravatar.com\/avatar\/fa8b359b7088945da85bf27037059e66644564119474f41a40878bad93c8d523?s=96&d=mm&r=g","contentUrl":"https:\/\/secure.gravatar.com\/avatar\/fa8b359b7088945da85bf27037059e66644564119474f41a40878bad93c8d523?s=96&d=mm&r=g","caption":"Marta Abardia"},"description":"Soy Nutricionista \u2013 Dietista en Barcelona. Tengo 19 a\u00f1os de experiencia como profesional. Pienso que mi trabajo no es s\u00f3lo calcular una dieta o saber que contienen los alimentos. Mi labor es transmitir y acompa\u00f1ar a mis pacientes para conseguir un cambio de h\u00e1bitos alimentarios.","url":"https:\/\/nutricionistasbarcelona.es\/ca\/author\/admin\/"}]}},"_links":{"self":[{"href":"https:\/\/nutricionistasbarcelona.es\/ca\/wp-json\/wp\/v2\/posts\/4572","targetHints":{"allow":["GET"]}}],"collection":[{"href":"https:\/\/nutricionistasbarcelona.es\/ca\/wp-json\/wp\/v2\/posts"}],"about":[{"href":"https:\/\/nutricionistasbarcelona.es\/ca\/wp-json\/wp\/v2\/types\/post"}],"author":[{"embeddable":true,"href":"https:\/\/nutricionistasbarcelona.es\/ca\/wp-json\/wp\/v2\/users\/2"}],"replies":[{"embeddable":true,"href":"https:\/\/nutricionistasbarcelona.es\/ca\/wp-json\/wp\/v2\/comments?post=4572"}],"version-history":[{"count":0,"href":"https:\/\/nutricionistasbarcelona.es\/ca\/wp-json\/wp\/v2\/posts\/4572\/revisions"}],"wp:featuredmedia":[{"embeddable":true,"href":"https:\/\/nutricionistasbarcelona.es\/ca\/wp-json\/wp\/v2\/media\/4576"}],"wp:attachment":[{"href":"https:\/\/nutricionistasbarcelona.es\/ca\/wp-json\/wp\/v2\/media?parent=4572"}],"wp:term":[{"taxonomy":"category","embeddable":true,"href":"https:\/\/nutricionistasbarcelona.es\/ca\/wp-json\/wp\/v2\/categories?post=4572"},{"taxonomy":"post_tag","embeddable":true,"href":"https:\/\/nutricionistasbarcelona.es\/ca\/wp-json\/wp\/v2\/tags?post=4572"}],"curies":[{"name":"wp","href":"https:\/\/api.w.org\/{rel}","templated":true}]}}